{"id":2357,"date":"2024-06-27T10:26:05","date_gmt":"2024-06-27T08:26:05","guid":{"rendered":"https:\/\/ccoo.umh.es\/?p=2357"},"modified":"2024-06-27T10:28:01","modified_gmt":"2024-06-27T08:28:01","slug":"ccoo-pv-llama-a-celebrar-el-28j-y-reivindica-educacion-para-vivir-organizacion-para-luchar","status":"publish","type":"post","link":"https:\/\/ccoo.umh.es\/en\/2024\/06\/27\/ccoo-pv-llama-a-celebrar-el-28j-y-reivindica-educacion-para-vivir-organizacion-para-luchar\/","title":{"rendered":"<span lang=\"es\">(Espa\u00f1ol) CCOO PV llama a celebrar el 28J y reivindica &#8220;Educaci\u00f3n para vivir. Organizaci\u00f3n para luchar&#8221;<\/span>"},"content":{"rendered":"<p class=\"qtranxs-available-languages-message qtranxs-available-languages-message-en\">Sorry, this entry is only available in <a href=\"https:\/\/ccoo.umh.es\/es\/wp-json\/wp\/v2\/posts\/2357\" class=\"qtranxs-available-language-link qtranxs-available-language-link-es\" title=\"Espa\u00f1ol\">European Spanish<\/a>.<\/p>","protected":false},"excerpt":{"rendered":"<p>Sorry, this entry is only available in European Spanish.<\/p>\n","protected":false},"author":821,"featured_media":0,"comment_status":"closed","ping_status":"open","sticky":false,"template":"","format":"standard","meta":{"_links_to":"","_links_to_target":""},"categories":[1],"tags":[],"_links":{"self":[{"href":"https:\/\/ccoo.umh.es\/en\/wp-json\/wp\/v2\/posts\/2357"}],"collection":[{"href":"https:\/\/ccoo.umh.es\/en\/wp-json\/wp\/v2\/posts"}],"about":[{"href":"https:\/\/ccoo.umh.es\/en\/wp-json\/wp\/v2\/types\/post"}],"author":[{"embeddable":true,"href":"https:\/\/ccoo.umh.es\/en\/wp-json\/wp\/v2\/users\/821"}],"replies":[{"embeddable":true,"href":"https:\/\/ccoo.umh.es\/en\/wp-json\/wp\/v2\/comments?post=2357"}],"version-history":[{"count":0,"href":"https:\/\/ccoo.umh.es\/en\/wp-json\/wp\/v2\/posts\/2357\/revisions"}],"wp:attachment":[{"href":"https:\/\/ccoo.umh.es\/en\/wp-json\/wp\/v2\/media?parent=2357"}],"wp:term":[{"taxonomy":"category","embeddable":true,"href":"https:\/\/ccoo.umh.es\/en\/wp-json\/wp\/v2\/categories?post=2357"},{"taxonomy":"post_tag","embeddable":true,"href":"https:\/\/ccoo.umh.es\/en\/wp-json\/wp\/v2\/tags?post=2357"}],"curies":[{"name":"wp","href":"https:\/\/api.w.org\/{rel}","templated":true}]}}